{"id":16562,"date":"2025-08-01T16:53:06","date_gmt":"2025-08-01T16:53:06","guid":{"rendered":"https:\/\/bim6d.eu\/?p=16562"},"modified":"2025-12-30T15:38:44","modified_gmt":"2025-12-30T15:38:44","slug":"digitization-of-14-cultural-heritage-assets-in-castilla-y-leon","status":"publish","type":"post","link":"https:\/\/bim6d.eu\/es\/2025\/08\/01\/digitization-of-14-cultural-heritage-assets-in-castilla-y-leon\/","title":{"rendered":"DIGITALIZACION DE 14 BIENES CULTURALES EN CASTILLA Y LEON"},"content":{"rendered":"<p>[vc_row][vc_column]<div class=\"grve-element grve-slogan grve-align-left\" style=\"\"><h4 class=\"grve-slogan-title grve-align-left grve-h3\"><span>La Junta de Castilla y Le\u00f3n elige a la UTE BIM6D + INGENIEROS ASESORES para digitalizar catorce Bienes de Inter\u00e9s Cultural.<\/span><\/h4>  <p class=\"\">Author: Fernando Morales<\/p><\/div><div class=\"grve-element grve-hr \" style=\"padding-bottom: 10px;\"><div class=\"grve-line-divider\"><\/div><\/div><div class=\"grve-element grve-image grve-align-center\" style=\"\"><img loading=\"lazy\" decoding=\"async\" width=\"1890\" height=\"160\" src=\"https:\/\/bim6d.eu\/wp-content\/uploads\/2024\/09\/Captura.png\" class=\"attachment-full size-full\" alt=\"\" srcset=\"https:\/\/bim6d.eu\/wp-content\/uploads\/2024\/09\/Captura.png 1x,https:\/\/bim6d.eu\/wp-content\/uploads\/2024\/09\/Captura.png 2x\" \/><\/div><div class=\"grve-element grve-image grve-align-center\" style=\"\"><img loading=\"lazy\" decoding=\"async\" width=\"1951\" height=\"1158\" src=\"https:\/\/bim6d.eu\/wp-content\/uploads\/2025\/08\/241218_Diagrama-Licitacion.png\" class=\"attachment-full size-full\" alt=\"\" srcset=\"https:\/\/bim6d.eu\/wp-content\/uploads\/2025\/08\/241218_Diagrama-Licitacion.png 1x,https:\/\/bim6d.eu\/wp-content\/uploads\/2025\/08\/241218_Diagrama-Licitacion.png 2x\" \/><\/div>[vc_column_text]El objetivo principal de este proyecto es dotar a la <strong>Direcci\u00f3n General de Patrimonio Cultural<\/strong> (DGPC) de modelos digitales <strong>BIM<\/strong> y <strong>3D<\/strong> con informaci\u00f3n precisa y estructurada para la gesti\u00f3n de activos de <strong>14 Bienes de Inter\u00e9s Cultural (BIC)<\/strong> repartidos por toda Castilla y Le\u00f3n. Esta digitalizaci\u00f3n va acompa\u00f1ada de una red de sensores de diversa \u00edndole (monitorizaci\u00f3n ambiental, estructural, energ\u00e9tica) que se integrar\u00e1 con la <strong>Plataforma de Datos de Gesti\u00f3n Inteligente<\/strong> de la Junta, en l\u00ednea con la estrategia del programa <strong>RETECH<\/strong> y la iniciativa <strong>Territorio Rural Inteligente<\/strong>.[\/vc_column_text]<div class=\"grve-element grve-hr \" style=\"padding-bottom: 10px;\"><div class=\"grve-line-divider\"><\/div><\/div>[vc_column_text]<\/p>\n<h3><strong>Beneficios clave del proyecto para la Junta de Castilla y Le\u00f3n:<\/strong><\/h3>\n<p><strong>Conservaci\u00f3n preventiva y mantenimiento inteligente<br \/>\n<\/strong>Gracias a la sens\u00f3rica instalada y a la anal\u00edtica predictiva desarrollada por UP Intelligence, la Junta podr\u00e1 anticiparse a patolog\u00edas estructurales y planificar el mantenimiento preventivo de forma no invasiva, maximizando la vida \u00fatil de sus bienes patrimoniales y reduciendo costes a largo plazo.<\/p>\n<p><strong>Gesti\u00f3n digital del patrimonio<br \/>\n<\/strong>Con modelos BIM interoperables y enriquecidos con datos reales, la Junta dispondr\u00e1 de una base digital estandarizada para todos los enclaves, permitiendo gestionar operaciones, rehabilitaciones y explotaciones futuras con mayor eficiencia, coherencia y transparencia.<\/p>\n<p><strong>Plataforma de visualizaci\u00f3n avanzada: POWERBIM<br \/>\n<\/strong>Los modelos 3D, los datos de sensores y los KPIs de mantenimiento, energ\u00eda o visitas ser\u00e1n accesibles en tiempo real desde POWERBIM, permitiendo a los responsables visualizar, analizar y actuar en un entorno digital \u00fanico, todo dentro del marco del gemelo digital patrimonial.<\/p>\n<p><strong>Difusi\u00f3n cultural y accesibilidad universal<br \/>\n<\/strong>Con el uso de tecnolog\u00edas de Metaverso a trav\u00e9s de META4BIM, proponemos desarrollar visitas inmersivas multiusuario en VR, web o PC, integrando asistentes conversacionales basados en IA. Esto permitir\u00e1 a cualquier persona del mundo recorrer virtualmente enclaves como el Castillo de la Mota o la Villa Romana de Orpheus, acercando el patrimonio castellano y leon\u00e9s a p\u00fablicos internacionales, centros educativos y visitantes con movilidad reducida.<\/p>\n<p><strong>Estandarizaci\u00f3n y escalabilidad<br \/>\n<\/strong>El proyecto establece una metodolog\u00eda replicable (PEB, clasificaci\u00f3n GuBIMClass, integraci\u00f3n IoT, ACC como entorno com\u00fan de datos) que servir\u00e1 de referencia para futuros proyectos de digitalizaci\u00f3n patrimonial, escalable a otros conjuntos BIC de la comunidad.[\/vc_column_text]<div class=\"grve-element grve-hr \" style=\"padding-bottom: 10px;\"><div class=\"grve-line-divider\"><\/div><\/div><div class=\"grve-element grve-image grve-align-center\" style=\"\"><img loading=\"lazy\" decoding=\"async\" width=\"2560\" height=\"1882\" src=\"https:\/\/bim6d.eu\/wp-content\/uploads\/2025\/08\/Castillo_de_la_Mota_2021-scaled.jpg\" class=\"attachment-full size-full\" alt=\"\" srcset=\"https:\/\/bim6d.eu\/wp-content\/uploads\/2025\/08\/Castillo_de_la_Mota_2021-scaled.jpg 1x,https:\/\/bim6d.eu\/wp-content\/uploads\/2025\/08\/Castillo_de_la_Mota_2021-scaled.jpg 2x\" \/><\/div><div class=\"grve-element grve-carousel-wrapper grve-with-gap\" style=\"\"><div class=\"grve-carousel-navigation grve-dark grve-navigation-1 grve-navigation-carousel\">\t<div class=\"grve-carousel-buttons\">\t\t<div class=\"grve-carousel-prev\">\t\t\t<i class=\"grve-icon-arrow-left-alt\"><\/i>\t\t<\/div>\t\t<div class=\"grve-carousel-next\">\t\t\t<i class=\"grve-icon-arrow-right-alt\"><\/i>\t\t<\/div>\t<\/div><\/div>\t<div class=\"grve-carousel grve-gallery-popup grve-carousel-element \" data-items=\"4\" data-slider-autoplay=\"yes\" data-slider-speed=\"3000\" data-slider-pause=\"no\" data-pagination-speed=\"400\" data-pagination=\"no\" data-gutter-size=\"40\">\r\n\r\n\t\t\t<div class=\"grve-carousel-item\">  <a href=\"https:\/\/bim6d.eu\/wp-content\/uploads\/2025\/08\/Castillo_de_la_Mota_2021-1920x1411.jpg\"  data-title=\"Castillo de la Mota\"><figure class=\"grve-image-hover\"><div class=\"grve-media\"><img loading=\"lazy\" decoding=\"async\" width=\"800\" height=\"600\" src=\"https:\/\/bim6d.eu\/wp-content\/uploads\/2025\/08\/Castillo_de_la_Mota_2021-800x600.jpg\" class=\"attachment-blade-grve-small-rect-horizontal size-blade-grve-small-rect-horizontal\" alt=\"\" \/><\/div><\/figure>  <\/a><\/div><div class=\"grve-carousel-item\">  <a href=\"https:\/\/bim6d.eu\/wp-content\/uploads\/2025\/08\/Palacio-de-Avellaneda.jpg\"  data-title=\"Palacio de Avellaneda\"><figure class=\"grve-image-hover\"><div class=\"grve-media\"><img loading=\"lazy\" decoding=\"async\" width=\"800\" height=\"600\" src=\"https:\/\/bim6d.eu\/wp-content\/uploads\/2025\/08\/Palacio-de-Avellaneda-800x600.jpg\" class=\"attachment-blade-grve-small-rect-horizontal size-blade-grve-small-rect-horizontal\" alt=\"\" \/><\/div><\/figure>  <\/a><\/div><div class=\"grve-carousel-item\">  <a href=\"https:\/\/bim6d.eu\/wp-content\/uploads\/2025\/08\/Bosque-de-Bejar-3.jpg\"  data-title=\"Bosque de B\u00e9jar\"><figure class=\"grve-image-hover\"><div class=\"grve-media\"><img loading=\"lazy\" decoding=\"async\" width=\"800\" height=\"600\" src=\"https:\/\/bim6d.eu\/wp-content\/uploads\/2025\/08\/Bosque-de-Bejar-3-800x600.jpg\" class=\"attachment-blade-grve-small-rect-horizontal size-blade-grve-small-rect-horizontal\" alt=\"\" \/><\/div><\/figure>  <\/a><\/div><div class=\"grve-carousel-item\">  <a href=\"https:\/\/bim6d.eu\/wp-content\/uploads\/2025\/08\/campamento-romano-pentavonium.jpg\"  data-title=\"campamento romano pentavonium\"><figure class=\"grve-image-hover\"><div class=\"grve-media\"><img loading=\"lazy\" decoding=\"async\" width=\"800\" height=\"600\" src=\"https:\/\/bim6d.eu\/wp-content\/uploads\/2025\/08\/campamento-romano-pentavonium-800x600.jpg\" class=\"attachment-blade-grve-small-rect-horizontal size-blade-grve-small-rect-horizontal\" alt=\"\" \/><\/div><\/figure>  <\/a><\/div><div class=\"grve-carousel-item\">  <a href=\"https:\/\/bim6d.eu\/wp-content\/uploads\/2025\/08\/hq_Monasterio-de-Santa-Maria-de-Moreruela01_Granja-de-Moreruela_Zamora-1920x1280.jpg\"  data-title=\"Monasterio de Santa Maria de Moreruela\"><figure class=\"grve-image-hover\"><div class=\"grve-media\"><img loading=\"lazy\" decoding=\"async\" width=\"800\" height=\"600\" src=\"https:\/\/bim6d.eu\/wp-content\/uploads\/2025\/08\/hq_Monasterio-de-Santa-Maria-de-Moreruela01_Granja-de-Moreruela_Zamora-800x600.jpg\" class=\"attachment-blade-grve-small-rect-horizontal size-blade-grve-small-rect-horizontal\" alt=\"\" \/><\/div><\/figure>  <\/a><\/div>\t<\/div><\/div>[vc_column_text]<\/p>\n<h3><strong>Los activos que se van a digitalizar son:<\/strong><\/h3>\n<p><strong>Enclaves arqueol\u00f3gicos (6)<\/strong><\/p>\n<ul>\n<li>Campamento romano de Petavonium (Zamora)<\/li>\n<li>Ciudad romana y yacimiento \u00abEl Alba\u00bb (Villalaz\u00e1n, Zamora)<\/li>\n<li>Domus romana \u201cLas Pedreiras de Lago\u201d (Carucedo, Le\u00f3n)<\/li>\n<li>Villa Romana de Orpheus (Camarzana de Tera, Zamora)<\/li>\n<li>Yacimiento arqueol\u00f3gico de Tiermes (Montejo de Tiermes, Soria)<\/li>\n<li>Ruinas del Monasterio de Santa Mar\u00eda de Moreruela (Granja de Moreruela, Zamora)<\/li>\n<\/ul>\n<p><strong>Inmuebles hist\u00f3ricos BIC (8)<\/strong><\/p>\n<ul>\n<li>Castillo de la Mota (Medina del Campo, Valladolid)<\/li>\n<li>El Bosque de B\u00e9jar (Salamanca)<\/li>\n<li>Palacio del Licenciado Butr\u00f3n (Valladolid)<\/li>\n<li>Palacio Quintanar (Segovia)<\/li>\n<li>Palacio de San Mart\u00edn o de Enrique IV (Segovia)<\/li>\n<li>Palacio de Avellaneda (Pe\u00f1aranda de Duero, Burgos)<\/li>\n<li>Aula arqueol\u00f3gica de Las M\u00e9dulas (Carucedo, Le\u00f3n)<\/li>\n<li>Centro de acogida y Yacimiento de Icnitas de Fuentesalvo (Villar del R\u00edo, Soria)<\/li>\n<\/ul>\n<p>[\/vc_column_text][vc_column_text]Para este reto, que ser\u00e1 sin duda referencia nacional e internacional en digitalizaci\u00f3n patrimonial, la Junta ha designado adjudicataria a la UTE formada por <strong>BIM6D Consulting &amp; Performance e <a href=\"https:\/\/ingenierosasesores.com\/\" target=\"_blank\" rel=\"noopener\">Ingenieros Asesores<\/a><\/strong>, con la colaboraci\u00f3n experta de <a href=\"https:\/\/upintelligence.es\/\" target=\"_blank\" rel=\"noopener\"><strong>UP Intelligence<\/strong><\/a>.<\/p>\n<p>Este gran proyecto confirma el compromiso de <strong>BIM6D<\/strong> con la transformaci\u00f3n digital del patrimonio, en l\u00ednea con otros trabajos emblem\u00e1ticos como la digitalizaci\u00f3n de las sedes del <strong>Museo Reina Sof\u00eda<\/strong>, <strong>el gemelo digital del Palacio de Vel\u00e1zquez<\/strong>, o la digitalizaci\u00f3n, gemelo digital y inmersivas para el <strong>Hospital de Sant Pau<\/strong>.[\/vc_column_text][\/vc_column][\/vc_row]<\/p>\n","protected":false},"excerpt":{"rendered":"<p>[vc_row][vc_column][vc_column_text]El objetivo principal de este proyecto es dotar a la Direcci\u00f3n General de Patrimonio Cultural (DGPC) de modelos digitales BIM y 3D con informaci\u00f3n precisa y estructurada para la gesti\u00f3n de activos de 14 Bienes de Inter\u00e9s Cultural (BIC) repartidos por toda Castilla y Le\u00f3n. Esta digitalizaci\u00f3n va acompa\u00f1ada de una red de sensores de [&hellip;]<\/p>\n","protected":false},"author":1,"featured_media":16590,"comment_status":"closed","ping_status":"closed","sticky":false,"template":"","format":"standard","meta":{"om_disable_all_campaigns":false,"_monsterinsights_skip_tracking":false,"_monsterinsights_sitenote_active":false,"_monsterinsights_sitenote_note":"","_monsterinsights_sitenote_category":0,"footnotes":""},"categories":[307],"tags":[315,312,311,308,427,428,309,323],"class_list":["post-16562","post","type-post","status-publish","format-standard","has-post-thumbnail","hentry","category-publicacion","tag-bim-es","tag-ciudades-inteligentes","tag-edificios-inteligentes","tag-gemelo-digital","tag-licitacion","tag-patrimonio-cultural","tag-powerbim-es","tag-tierno"],"aioseo_notices":[],"_links":{"self":[{"href":"https:\/\/bim6d.eu\/es\/wp-json\/wp\/v2\/posts\/16562"}],"collection":[{"href":"https:\/\/bim6d.eu\/es\/wp-json\/wp\/v2\/posts"}],"about":[{"href":"https:\/\/bim6d.eu\/es\/wp-json\/wp\/v2\/types\/post"}],"author":[{"embeddable":true,"href":"https:\/\/bim6d.eu\/es\/wp-json\/wp\/v2\/users\/1"}],"replies":[{"embeddable":true,"href":"https:\/\/bim6d.eu\/es\/wp-json\/wp\/v2\/comments?post=16562"}],"version-history":[{"count":7,"href":"https:\/\/bim6d.eu\/es\/wp-json\/wp\/v2\/posts\/16562\/revisions"}],"predecessor-version":[{"id":16594,"href":"https:\/\/bim6d.eu\/es\/wp-json\/wp\/v2\/posts\/16562\/revisions\/16594"}],"wp:featuredmedia":[{"embeddable":true,"href":"https:\/\/bim6d.eu\/es\/wp-json\/wp\/v2\/media\/16590"}],"wp:attachment":[{"href":"https:\/\/bim6d.eu\/es\/wp-json\/wp\/v2\/media?parent=16562"}],"wp:term":[{"taxonomy":"category","embeddable":true,"href":"https:\/\/bim6d.eu\/es\/wp-json\/wp\/v2\/categories?post=16562"},{"taxonomy":"post_tag","embeddable":true,"href":"https:\/\/bim6d.eu\/es\/wp-json\/wp\/v2\/tags?post=16562"}],"curies":[{"name":"wp","href":"https:\/\/api.w.org\/{rel}","templated":true}]}}